{"id":275,"date":"2013-09-20T17:03:37","date_gmt":"2013-09-20T15:03:37","guid":{"rendered":"https:\/\/www.juergensmann.de\/index.php\/2013\/09\/20\/binz-auf-ruegen-2013\/"},"modified":"2013-09-20T17:03:37","modified_gmt":"2013-09-20T15:03:37","slug":"binz-auf-ruegen-2013","status":"publish","type":"post","link":"https:\/\/www.juergensmann.de\/index.php\/2013\/09\/20\/binz-auf-ruegen-2013\/","title":{"rendered":"Binz auf R\u00fcgen 2013"},"content":{"rendered":"<p><strong>Montagmorgen, den 9. September<\/strong> starteten wir mit unseren Freunden in Richtung R\u00fcgen. Das Gep\u00e4ck und die R\u00e4der konnten bei tr\u00fcben, aber trockenem Wetter im Auto und auf dem Hecktr\u00e4ger verstaut werden &#8211; und dann ging es los!<\/p>\n<p style=\"text-align: left;\">Auf der Autobahn fuhren wir bis etwa Holdorf recht z\u00fcgig, aber dann ging es nur langsam weiter. Und ab Bremen \u00e4nderte sich das Wetter: es fing an zu regnen und h\u00f6rte erst bei Stralsund auf. \u00dcber die neue R\u00fcgenbr\u00fccke gelangten wir dann auf die Insel und schlie\u00dflich auch nach Binz. Unsere Ferienwohnungen lagen in einem Haus, nicht weit von Strand und Promenade entfernt. Sie waren beide sehr sch\u00f6n, man konnte sich dort wohlf\u00fchlen. Auch f\u00fcr die R\u00e4der gab es einen abschlie\u00dfbaren Raum. Man kann das Haus &#8222;Meernixe&#8220; durchaus empfehlen.<\/p>\n<p style=\"text-align: center;\"><a href=\"https:\/\/www.juergensmann.de\/wp-content\/uploads\/2013\/09\/Ruegen-1.jpg\"><img loading=\"lazy\" decoding=\"async\" src=\"https:\/\/www.juergensmann.de\/wp-content\/uploads\/2013\/09\/Ruegen-1-small.jpg\" alt=\"\" align=\"absMiddle\" border=\"20\" height=\"270\" width=\"360\"><\/a><\/p>\n<p>Am Abend machten wir dann noch einen Rundgang durch den Ortskern von Binz und a\u00dfen dann (wie sich es geh\u00f6rt) in einem Restaurant &#8211;&nbsp; nat\u00fcrlich Fisch !<\/p>\n<p><strong>Dienstag<\/strong> wurde erst einmal gem\u00fctlich gefr\u00fchst\u00fcckt und dann luden wir die R\u00e4der auf die Autos und fuhren nach G\u00f6hren. Von dort aus ging es durch den Wald nach Baabe.&nbsp; Wir sahen uns den Ort an und rasteten bei einem Fischbr\u00f6tchen im Hafen. Von dort ging es am Selliner See entlang nach Sellin mit der beeindruckenden Seebr\u00fccke und sch\u00f6nen Beispielen der B\u00e4derarchitektur. An der K\u00fcste entlang fuhren wir dann wieder nach G\u00f6hren, wo wir uns ein leckeres Eis g\u00f6nnten. Gest\u00e4rkt konnten wir dann auch noch einen Rundgang durch G\u00f6hren machen.<\/p>\n<p style=\"text-align: center;\"><a href=\"https:\/\/www.juergensmann.de\/wp-content\/uploads\/2013\/09\/Ruegen-2.jpg\"><img loading=\"lazy\" decoding=\"async\" src=\"https:\/\/www.juergensmann.de\/wp-content\/uploads\/2013\/09\/Ruegen-2-small.jpg\" alt=\"\" align=\"absMiddle\" border=\"15\" height=\"270\" hspace=\"20\" vspace=\"20\" width=\"360\"><\/a><\/p>\n<p>Gegen Abend machten wir uns dann auf den Weg nach Binz.<\/p>\n<p><strong>Mittwoch<\/strong> \u00fcberlegten wir nach einem leckeren Fr\u00fchst\u00fcck, was an diesem Tag unternommen werden sollte. Man war sich schnell einig. Bei dem sch\u00f6nen Wetter stand der Nationalpark Jasmund auf dem Plan. Wir fuhren also mit dem Auto nach Sa\u00dfnitz und von dort aus mit dem Bus zum Kreidefelsen. Dort besuchten wir erst einmal das Museum, das allen gut gefiel, gingen dann in Richtung K\u00f6nigsstuhl, um uns dann auf den Uferh\u00f6henweg in Richtung Sa\u00dfnitz zu begeben. Die Wanderung war sehr sch\u00f6n. Des \u00f6fteren kamen wir recht nah an der Steilk\u00fcste vorbei, wo dann ab und zu auch vor Abbruchstellen gewarnt wurde. Der Weg verlief durch den Wald und man konnte durchaus nachvollziehen, was in einem Film im Museum \u00fcber Buchenw\u00e4lder gesagt wurde.<\/p>\n<p style=\"text-align: center;\"><a href=\"https:\/\/www.juergensmann.de\/wp-content\/uploads\/2013\/09\/Ruegen-3.jpg\"><img loading=\"lazy\" decoding=\"async\" src=\"https:\/\/www.juergensmann.de\/wp-content\/uploads\/2013\/09\/Ruegen-3-small.jpg\" alt=\"\" align=\"absMiddle\" border=\"15\" height=\"270\" hspace=\"20\" vspace=\"20\" width=\"360\"><\/a><\/p>\n<p>Sch\u00f6n war auch die abwechslungsreiche Wegf\u00fchrung, mal ging es bergauf, mal bergab, mal geradeaus, mal \u00fcber Br\u00fccken und Treppen. Nach etwa 9 km kamen wir dann wieder in Sa\u00dfnitz an. \u00dcber die Promenade ging es dann zum Hafen, wo wir in einem sch\u00f6nen Traditionslokal unser Abendessen einnahmen, nat\u00fcrlich Fisch.<\/p>\n<p>Am <strong>Donnerstag<\/strong> wollten wir uns dann etwas nach der sch\u00f6nen, aber anstrengenden Wanderung vom Vortage erholen und radelten nach Prora, was ja nicht weit von Binz weg ist. Hier taten die R\u00e4der durchaus ihren Dienst, wenn man an die lange Front des Prora-Komplexes denkt. Es ist schon eindrucksvoll dort, aber auch erschreckend.<\/p>\n<p style=\"text-align: center;\"><a href=\"https:\/\/www.juergensmann.de\/wp-content\/uploads\/2013\/09\/Ruegen-4.jpg\"><img loading=\"lazy\" decoding=\"async\" src=\"https:\/\/www.juergensmann.de\/wp-content\/uploads\/2013\/09\/Ruegen-4-small.jpg\" alt=\"\" align=\"absMiddle\" border=\"15\" height=\"270\" hspace=\"20\" vspace=\"20\" width=\"360\"><\/a><\/p>\n<p>Da unsere Freunde das sch\u00f6ne Wetter bei einem Besuch am Strand genie\u00dfen wollten, begaben wir uns auf eine Radtour um den Schmachter-See im Binzer Hinterland. Es war eine sch\u00f6ne Strecke, aber zum Radfahren nur f\u00fcr Mountainbiker oder Trekking-Freaks zu empfehlen.<\/p>\n<p><strong>Freitag<\/strong> stand dann Hiddensee auf unserem Programm. Mit dem Auto fuhren wir bis Schaprode, wo es dann mit den Fahrr\u00e4dern auf die F\u00e4hre nach Vitte ging. Auch wieder super Wetter. Den Deich entlang f\u00fchrte uns zun\u00e4chst der Weg nach Kloster, wo das mittlerweile obligatorische Fischbr\u00f6tchen uns f\u00fcr die weitere Radtour st\u00e4rkte. Und dann ging es in Richtung Leuchtturm mit seiner sch\u00f6nen Aussicht.<\/p>\n<p style=\"text-align: center;\"><a href=\"https:\/\/www.juergensmann.de\/wp-content\/uploads\/2013\/09\/Ruegen-5.jpg\"><img loading=\"lazy\" decoding=\"async\" src=\"https:\/\/www.juergensmann.de\/wp-content\/uploads\/2013\/09\/Ruegen-5-small.jpg\" alt=\"\" align=\"absMiddle\" border=\"15\" height=\"360\" hspace=\"20\" vspace=\"20\" width=\"270\"><\/a><\/p>\n<p>Der Radweg zur\u00fcck nach Kloster war etwas abenteuerlich, aber daf\u00fcr war der Weg\u00fcber den Deich nach Vitte und von da aus in Richtung Neudorf umso besser. Nach der St\u00e4rkung in Gasthof Heiderose ging es zur\u00fcck nach Vitte, wo wir die letzte F\u00e4hre zur\u00fcck zum Festland nahmen. Aber die kam etwa eine halbe Stunde sp\u00e4ter von Kloster und legte auch noch in Neudorf an&#8230; Naja!<\/p>\n<p>Der <strong>Samstag<\/strong> stand unter dem Zeichen: Kap Arkona mit dem Rad erkunden. Vom Parkplatz aus fuhren wir mit unseren R\u00e4dern in Richtung Gellort, dann einen schmalen Weg an der Steilk\u00fcste entlang zu den beiden Leucht\u00fcrmen, wo wir uns alles ansahen.<\/p>\n<p style=\"text-align: center;\"><a href=\"https:\/\/www.juergensmann.de\/wp-content\/uploads\/2013\/09\/Ruegen-6.jpg\"><img loading=\"lazy\" decoding=\"async\" src=\"https:\/\/www.juergensmann.de\/wp-content\/uploads\/2013\/09\/Ruegen-6-small.jpg\" alt=\"\" align=\"absMiddle\" border=\"15\" height=\"270\" hspace=\"20\" vspace=\"20\" width=\"360\"><\/a><\/p>\n<p>Schlie\u00dflich ging es weiter nach Vitt, dem kleinen und idyllischen D\u00f6rfchen mit seiner achteckigen Kapelle. Am Strand konnten wir uns mit frischem R\u00e4ucherfisch st\u00e4rken. Der R\u00fcgenhof durfte auch nicht fehlen und so pausierten wir dort und sahen uns alles an.<\/p>\n<p>Nun ging der Urlaub langsam zu Ende und wir unternahmen am <strong>Sonntag<\/strong> bei nicht mehr ganz so sch\u00f6nem Wetter eine kleine Rundfahrt mit Pausen. Zun\u00e4chst sahen wir uns in Putbus den Circus mit seinen eindrucksvollen Geb\u00e4uden an. Im Park erstaunten uns die Alleeb\u00e4ume, die anscheinend nicht gesund waren. Schade, das Laub war doch recht braun &#8211; hoffentlich k\u00f6nnen sich die B\u00e4ume erholen oder werden gerettet. Auch den Lauterbacher Hafen fanden wir sehr sch\u00f6n und auch das xte Fischbr\u00f6tchen schmeckte. Nat\u00fcrlich darf bei einem R\u00fcgenurlaub das Jagdschlu\u00df Granitz nicht fehlen. Und so bestiegen auch wir den Turm.<\/p>\n<p style=\"text-align: center;\"><a href=\"https:\/\/www.juergensmann.de\/wp-content\/uploads\/2013\/09\/Ruegen-7.jpg\"><img loading=\"lazy\" decoding=\"async\" src=\"https:\/\/www.juergensmann.de\/wp-content\/uploads\/2013\/09\/Ruegen-7-small.jpg\" alt=\"\" align=\"absMiddle\" border=\"15\" height=\"269\" hspace=\"20\" vspace=\"20\" width=\"358\"><\/a><\/p>\n<p>Am <strong>Montag<\/strong>morgen wurde dann nach dem Fr\u00fchst\u00fcck gepackt und wir fuhren dieses Mal mit der Glewitzer F\u00e4hre nach Stralsund. Dort verabschiedeten wir uns von unserem befreundeten Ehepaar, das nach Hause fuhr. Wir machten noch einen Abstecher zu unserem Sohn nach Warnem\u00fcnde, wurden dort wieder von der ganzen Familie herzlich aufgenommen und traten dann am Dienstag nach einem Strandspaziergang die Heimreise an.<\/p>\n<p>Es war ein sch\u00f6ner Urlaub bei herrlichem Wetter !<\/p>\n<p style=\"text-align: center;\"><a href=\"https:\/\/www.juergensmann.de\/wp-content\/uploads\/2013\/09\/Ruegen-8.jpg\"><img loading=\"lazy\" decoding=\"async\" alt=\"\" src=\"https:\/\/www.juergensmann.de\/wp-content\/uploads\/2013\/09\/Ruegen-8-small.jpg\" align=\"absMiddle\" border=\"15\" height=\"480\" hspace=\"20\" vspace=\"20\" width=\"360\"><\/a><\/p>\n<p style=\"text-align: center;\"><strong>&nbsp;Es gibt nat\u00fcrlich noch mehr Bilder auf unserer <\/strong><a href=\"http:\/\/gallery.juergensmann.de\/v\/2013\/Ruegen\/\"><strong>Gallery!<\/strong><\/a><\/p>\n","protected":false},"excerpt":{"rendered":"<p>Montagmorgen, den 9. September starteten wir mit unseren Freunden in Richtung R\u00fcgen. Das Gep\u00e4ck und die R\u00e4der konnten bei tr\u00fcben, aber trockenem Wetter im Auto und auf dem Hecktr\u00e4ger verstaut werden &#8211; und dann ging es los! Auf der Autobahn fuhren wir bis etwa Holdorf recht z\u00fcgig, aber dann ging es nur langsam weiter. Und [&hellip;]<\/p>\n","protected":false},"author":3,"featured_media":259,"comment_status":"closed","ping_status":"closed","sticky":false,"template":"","format":"standard","meta":{"footnotes":""},"categories":[],"tags":[],"class_list":["post-275","post","type-post","status-publish","format-standard","has-post-thumbnail","hentry"],"_links":{"self":[{"href":"https:\/\/www.juergensmann.de\/index.php\/wp-json\/wp\/v2\/posts\/275","targetHints":{"allow":["GET"]}}],"collection":[{"href":"https:\/\/www.juergensmann.de\/index.php\/wp-json\/wp\/v2\/posts"}],"about":[{"href":"https:\/\/www.juergensmann.de\/index.php\/wp-json\/wp\/v2\/types\/post"}],"author":[{"embeddable":true,"href":"https:\/\/www.juergensmann.de\/index.php\/wp-json\/wp\/v2\/users\/3"}],"replies":[{"embeddable":true,"href":"https:\/\/www.juergensmann.de\/index.php\/wp-json\/wp\/v2\/comments?post=275"}],"version-history":[{"count":0,"href":"https:\/\/www.juergensmann.de\/index.php\/wp-json\/wp\/v2\/posts\/275\/revisions"}],"wp:featuredmedia":[{"embeddable":true,"href":"https:\/\/www.juergensmann.de\/index.php\/wp-json\/wp\/v2\/media\/259"}],"wp:attachment":[{"href":"https:\/\/www.juergensmann.de\/index.php\/wp-json\/wp\/v2\/media?parent=275"}],"wp:term":[{"taxonomy":"category","embeddable":true,"href":"https:\/\/www.juergensmann.de\/index.php\/wp-json\/wp\/v2\/categories?post=275"},{"taxonomy":"post_tag","embeddable":true,"href":"https:\/\/www.juergensmann.de\/index.php\/wp-json\/wp\/v2\/tags?post=275"}],"curies":[{"name":"wp","href":"https:\/\/api.w.org\/{rel}","templated":true}]}}