{"id":321,"date":"2014-06-05T10:35:01","date_gmt":"2014-06-05T08:35:01","guid":{"rendered":"https:\/\/www.juergensmann.de\/index.php\/2014\/06\/05\/urlaub-in-kellenhusen-2014\/"},"modified":"2014-06-05T10:35:01","modified_gmt":"2014-06-05T08:35:01","slug":"urlaub-in-kellenhusen-2014","status":"publish","type":"post","link":"https:\/\/www.juergensmann.de\/index.php\/2014\/06\/05\/urlaub-in-kellenhusen-2014\/","title":{"rendered":"Urlaub in Kellenhusen 2014"},"content":{"rendered":"<p>Am Sonntag machten wir uns auf nach Kellenhusen, wo uns dieses Jahr so einige Neuerungen erwarteten. Da war einmal eine andere Wohnung als sonst, allerdings auch im Deichhof. Au\u00dferdem konnten unser \u00c4ltester und seine Frau nicht kommen, da er gerade erst&nbsp; eine neue Stelle angetreten hatte. Der j\u00fcngere Sohn und seine Frau wollten am Mittwochabend kommen und bis Sonntag bleiben. Und wir hofften auf besseres Wetter als im letzten Jahr.<\/p>\n<p>Und nun der Reihe nach:<\/p>\n<p>Wir kamen also am Sonntag so gegen 15.30 Uhr in Kellenhusen an, gingen zur Zimmerverwaltung und holten die Schl\u00fcssel ab. Dann fuhren wir zum Deichhof und bezogen unsere Wohnung. Die war sehr sch\u00f6n eingerichtet, wenn sie auch nur \u00fcber eine Toilette im Badezimmer verf\u00fcgte, aber das wussten wir vorher. Naja, und die Terrasse war f\u00fcr sechs Leute doch etwas schmal, aber man kann nun mal nicht alles haben. Daf\u00fcr war in diesem Jahr WLAN da, wor\u00fcber wir uns auch freuten. Nach dem Auspacken gingen wir noch zur Promenade, a\u00dfen ein Fischbr\u00f6tchen und abends wurden dann in einem Restaurant an der Strandpromenade gegessen.<\/p>\n<p style=\"text-align: center;\"><a href=\"https:\/\/www.juergensmann.de\/wp-content\/uploads\/2014\/06\/Kellenhusen006.jpg\"><img loading=\"lazy\" decoding=\"async\" src=\"https:\/\/www.juergensmann.de\/wp-content\/uploads\/2014\/06\/Kellenhusen006-s.jpg\" alt=\"Abend am Strand\" height=\"225\" border=\"2\" hspace=\"10\" vspace=\"10\" width=\"300\"><\/a>&nbsp;&nbsp; <a href=\"https:\/\/www.juergensmann.de\/wp-content\/uploads\/2014\/06\/Kellenhusen035.jpg\"><img loading=\"lazy\" decoding=\"async\" alt=\"Brecher an der Seebr\u00fccke\" src=\"https:\/\/www.juergensmann.de\/wp-content\/uploads\/2014\/06\/Kellenhusen035-s.jpg\" height=\"225\" border=\"2\" hspace=\"10\" vspace=\"10\" width=\"300\"><\/a><\/p>\n<p style=\"text-align: center;\"><a href=\"https:\/\/www.juergensmann.de\/wp-content\/uploads\/2014\/06\/Kellenhusen053.jpg\"><img loading=\"lazy\" decoding=\"async\" src=\"https:\/\/www.juergensmann.de\/wp-content\/uploads\/2014\/06\/Kellenhusen053-s.jpg\" alt=\"Strandk\u00f6rbe in Haffkrug\" height=\"225\" border=\"2\" hspace=\"10\" vspace=\"10\" width=\"300\"><\/a>&nbsp;&nbsp; <a href=\"https:\/\/www.juergensmann.de\/wp-content\/uploads\/2014\/06\/Kellenhusen074.jpg\"><img loading=\"lazy\" decoding=\"async\" src=\"https:\/\/www.juergensmann.de\/wp-content\/uploads\/2014\/06\/Kellenhusen074-s.jpg\" alt=\"Eutiner Schloss\" height=\"225\" border=\"2\" hspace=\"10\" vspace=\"10\" width=\"300\"><\/a><\/p>\n<p>Montagmorgen machten wir uns mit dem Fahrrad auf in Richtung Gr\u00f6mitz, allerdings nicht den direkten Weg, sondern mehr im Landesinneren \u00fcber Cismar und so. In Gr\u00f6mitz schlenderten wir auch die Promenade lang, um sp\u00e4ter dann \u00fcber den Deich nach Kellenhusen zur\u00fcck zu fahren. Jetzt nahm der Wind kr\u00e4ftig zu und wir mussten ziemlich heftig dagegen anstrampeln. In Kellenhusen angekommen, waren wir ganz sch\u00f6n kaputt, was uns aber nicht davon abhielt, noch so ungef\u00e4hr eine Stunde durch den Ort und die n\u00e4here Umgebung zu laufen. Damit hatten wir uns das abendliche Grillen wohl verdient.<\/p>\n<p>Tja, am Dienstag war es dann erst mal vorbei mit dem sch\u00f6nen Wetter, es war kalt und recht starker Wind, also verzichteten wir aufs Radfahren und nahmen stattdessen lieber das Auto. \u00dcber Haffkrug und Scharbeutz landeten wir schlie\u00dflich in Eutin. Alle drei Orte nahmen wir nat\u00fcrlich genauer in Augenschein, wobei man sagen muss, jeder Ort war auf seine Weise sch\u00f6n, nur das Wetter war \u00fcberall gleich windig und kalt.<\/p>\n<p>Und dann kam der Mittwoch, das Wetter war wie am Tag zuvor, also fuhren wir wieder mit dem Auto, diesmal nach Neustadt. Dort gingen wir auch spazieren. Gegen Abend lockerte die Bew\u00f6lkung dann auf, was f\u00fcr unseren Sohn und unsere Schwiegertochter sicher recht sch\u00f6n war, kamen sie doch bei Sonnenschein in Kellenhusen an. Den Abend verbrachten wir dann mit Grillen und unterhalten.<\/p>\n<p style=\"text-align: center;\"><a href=\"https:\/\/www.juergensmann.de\/wp-content\/uploads\/2014\/06\/Kellenhusen106.jpg\"><img loading=\"lazy\" decoding=\"async\" src=\"https:\/\/www.juergensmann.de\/wp-content\/uploads\/2014\/06\/Kellenhusen106-s.jpg\" alt=\"Hafen von Neustadt\" height=\"225\" border=\"2\" hspace=\"10\" vspace=\"10\" width=\"300\"><\/a>&nbsp;&nbsp; <a href=\"https:\/\/www.juergensmann.de\/wp-content\/uploads\/2014\/06\/Kellenhusen120.jpg\"><img loading=\"lazy\" decoding=\"async\" src=\"https:\/\/www.juergensmann.de\/wp-content\/uploads\/2014\/06\/Kellenhusen120-s.jpg\" alt=\"Am Strand von Dahme\" height=\"225\" border=\"2\" hspace=\"10\" vspace=\"10\" width=\"300\"><\/a><\/p>\n<p>Zu Himmelfahrt wurde aber das Wetter wieder sch\u00f6n und wir machten zu viert eine kleinere Radtour. Der Weg f\u00fchrte uns vorbei an Wiesen und Feldern mit seltenen Kleesorten (jedenfalls f\u00fcr uns!) und auch durch den Kellenhusener Wald. Leider hatte ein Hofladen am Weg geschlossen, was wir aber auch verstehen k\u00f6nnen.&nbsp; Zu zweit fuhren wir dann noch \u00fcber einen sehr holprigen Weg und kamen \u00fcber Grube dann wieder in Kellenhusen an. Am Abend machten wir uns dann per Rad auf den Weg, um bei &#8222;Vogelsang&#8220; zu essen.<\/p>\n<p style=\"text-align: center;\"><a href=\"https:\/\/www.juergensmann.de\/wp-content\/uploads\/2014\/06\/Kellenhusen139.jpg\"><img loading=\"lazy\" decoding=\"async\" src=\"https:\/\/www.juergensmann.de\/wp-content\/uploads\/2014\/06\/Kellenhusen139-s.jpg\" alt=\"An der Kellenhusener seeschleuse\" height=\"225\" border=\"2\" hspace=\"10\" vspace=\"10\" width=\"300\"><\/a>&nbsp;&nbsp; <a href=\"https:\/\/www.juergensmann.de\/wp-content\/uploads\/2014\/06\/Kellenhusen148.jpg\"><img loading=\"lazy\" decoding=\"async\" src=\"https:\/\/www.juergensmann.de\/wp-content\/uploads\/2014\/06\/Kellenhusen148-s.jpg\" alt=\"Inkarnatsklee\" height=\"225\" border=\"2\" hspace=\"10\" vspace=\"10\" width=\"300\"><\/a><\/p>\n<p>Freitag wollten sich unsere Kinder etwas ausruhen und so machten wir uns mit dem Auto und den R\u00e4dern in Richtung Malente-Gremsm\u00fchlen auf den Weg. Nach anf\u00e4glichen Schwierigkeiten fanden wir auch die &#8222;Einflugschneise&#8220; f\u00fcr unsere Radtour rund um den Kellersee. Die Tour war sehr sch\u00f6n, wenn auch manchmal etwas abenteuerlich. ZWeimal wurden wir von Schildern aufgefordert, abzusteigen, was sich auch als sinnvoll heraus stellte. Das erste Mal wurde der Weg sehr schmal und ging bergauf, das zweite Mal war er zwar breiter, ging aber steil mit Stufen nach unten. In einer Kurve w\u00fcnschte man uns noch von Hand geschrieben &#8222;Guten Flug&#8220;. Wer meinte, nicht absteigen zu m\u00fcssen, konnte den &#8222;Guten Flug&#8220; ja mal ausprobieren. Es war aber trotzdem eine tolle Tour, die dann in Gremsm\u00fchlen nach einer Pause am Dieksee noch mit einem Spaziergang durch den Kurpark abgeschlossen wurde.<\/p>\n<p style=\"text-align: center;\"><a href=\"https:\/\/www.juergensmann.de\/wp-content\/uploads\/2014\/06\/Kellenhusen165.jpg\"><img loading=\"lazy\" decoding=\"async\" src=\"https:\/\/www.juergensmann.de\/wp-content\/uploads\/2014\/06\/Kellenhusen165-s.jpg\" alt=\"Am Kellersee\" height=\"225\" border=\"2\" hspace=\"10\" vspace=\"10\" width=\"300\"><\/a>&nbsp;&nbsp; <a href=\"https:\/\/www.juergensmann.de\/wp-content\/uploads\/2014\/06\/Kellenhusen201.jpg\"><img loading=\"lazy\" decoding=\"async\" src=\"https:\/\/www.juergensmann.de\/wp-content\/uploads\/2014\/06\/Kellenhusen201-s.jpg\" alt=\"Am Dieksee in Malente-Gremsm\u00fchlen\" height=\"225\" border=\"2\" hspace=\"10\" vspace=\"10\" width=\"300\"><\/a><\/p>\n<p>Am Samstag fuhren wir dann zu viert bei ebenfalls Sonnenschein mit dem Auto nach Eutin, wo wir uns trennten und jeder das machte, was er wollte. Wir fuhren mit dem Rad um den Eutiner See, was leichter und erholsamer war als die Tour um den Kellersee! Die andern beiden sahen sich inzwischen das Eutiner Schloss und die Stadt an. Um 15.00 Uhr trafen wir uns und fuhren mit dem Auto nach Gremsm\u00fchlen an den Dieksee zum Kaffeetrinken. Abends gingen wir zum Essen in das Kellenhusener Lokal &#8222;Weinforth&#8220;. Sp\u00e4ter um 23.00 Uhr sahen wir uns das Feuerwerk an, das im Rahmen des Seebr\u00fcckenfestes entz\u00fcndet wurde.<\/p>\n<p style=\"text-align: center;\"><a href=\"https:\/\/www.juergensmann.de\/wp-content\/uploads\/2014\/06\/Kellenhusen252.jpg\"><img loading=\"lazy\" decoding=\"async\" src=\"https:\/\/www.juergensmann.de\/wp-content\/uploads\/2014\/06\/Kellenhusen252-s.jpg\" alt=\"Am Eutiner see\" height=\"225\" border=\"2\" hspace=\"10\" vspace=\"10\" width=\"300\"><\/a>&nbsp;&nbsp; <a href=\"https:\/\/www.juergensmann.de\/wp-content\/uploads\/2014\/06\/Kellenhusen292.jpg\"><img loading=\"lazy\" decoding=\"async\" src=\"https:\/\/www.juergensmann.de\/wp-content\/uploads\/2014\/06\/Kellenhusen292-s.jpg\" alt=\"Feuerwerk an der Kellenhusener Seebr\u00fccke\" height=\"225\" border=\"2\" hspace=\"10\" vspace=\"10\" width=\"300\"><\/a><\/p>\n<p>Sonntag fuhren die Kinder wieder nach Hause, denn sie mussten ja am Montag wieder arbeiten. Wir machten noch einen kleinen Spaziergang \u00fcber die Promenade und dann fuhren die beiden wieder. Wir machten dann noch eine Radtour \u00fcber Dahme, S\u00fcssau und Grube nach Kellenhusen zur\u00fcck.<\/p>\n<p>So, am Montagmorgen hie\u00df es auch f\u00fcr uns: ab nach Hause. Es war wieder recht sch\u00f6n und wir haben viel Neues gesehen und unternommen. Kellenhusen und seine Umgebung werden eben nie langweilig.<\/p>\n<p style=\"text-align: center;\"><a href=\"https:\/\/www.juergensmann.de\/wp-content\/uploads\/2014\/06\/Kellenhusen334.jpg\"><img loading=\"lazy\" decoding=\"async\" src=\"https:\/\/www.juergensmann.de\/wp-content\/uploads\/2014\/06\/Kellenhusen334-s.jpg\" alt=\"Am S\u00fcdstrand in Kellenhusen\" height=\"405\" border=\"2\" hspace=\"20\" vspace=\"20\" width=\"540\"><\/a><\/p>\n<p style=\"text-align: center;\">&nbsp;<\/p>\n<p style=\"text-align: center;\">&nbsp;Zum Vergr\u00f6\u00dfern einfach auf die Bilder klicken. Noch mehr Bilder gibt es auf unserer <a href=\"http:\/\/gallery.juergensmann.de\/v\/2014\/Kellenhusen\/\">Gallery.<\/a><\/p>\n<p>&nbsp;<\/p>\n<p>&nbsp;<\/p>\n<p>&nbsp;<\/p>\n<p>&nbsp;<\/p>\n<p>&nbsp;<\/p>\n","protected":false},"excerpt":{"rendered":"<p>Am Sonntag machten wir uns auf nach Kellenhusen, wo uns dieses Jahr so einige Neuerungen erwarteten. Da war einmal eine andere Wohnung als sonst, allerdings auch im Deichhof. Au\u00dferdem konnten unser \u00c4ltester und seine Frau nicht kommen, da er gerade erst&nbsp; eine neue Stelle angetreten hatte. Der j\u00fcngere Sohn und seine Frau wollten am Mittwochabend [&hellip;]<\/p>\n","protected":false},"author":4,"featured_media":295,"comment_status":"closed","ping_status":"closed","sticky":false,"template":"","format":"standard","meta":{"footnotes":""},"categories":[],"tags":[],"class_list":["post-321","post","type-post","status-publish","format-standard","has-post-thumbnail","hentry"],"_links":{"self":[{"href":"https:\/\/www.juergensmann.de\/index.php\/wp-json\/wp\/v2\/posts\/321","targetHints":{"allow":["GET"]}}],"collection":[{"href":"https:\/\/www.juergensmann.de\/index.php\/wp-json\/wp\/v2\/posts"}],"about":[{"href":"https:\/\/www.juergensmann.de\/index.php\/wp-json\/wp\/v2\/types\/post"}],"author":[{"embeddable":true,"href":"https:\/\/www.juergensmann.de\/index.php\/wp-json\/wp\/v2\/users\/4"}],"replies":[{"embeddable":true,"href":"https:\/\/www.juergensmann.de\/index.php\/wp-json\/wp\/v2\/comments?post=321"}],"version-history":[{"count":0,"href":"https:\/\/www.juergensmann.de\/index.php\/wp-json\/wp\/v2\/posts\/321\/revisions"}],"wp:featuredmedia":[{"embeddable":true,"href":"https:\/\/www.juergensmann.de\/index.php\/wp-json\/wp\/v2\/media\/295"}],"wp:attachment":[{"href":"https:\/\/www.juergensmann.de\/index.php\/wp-json\/wp\/v2\/media?parent=321"}],"wp:term":[{"taxonomy":"category","embeddable":true,"href":"https:\/\/www.juergensmann.de\/index.php\/wp-json\/wp\/v2\/categories?post=321"},{"taxonomy":"post_tag","embeddable":true,"href":"https:\/\/www.juergensmann.de\/index.php\/wp-json\/wp\/v2\/tags?post=321"}],"curies":[{"name":"wp","href":"https:\/\/api.w.org\/{rel}","templated":true}]}}