{"id":343,"date":"2015-01-29T17:21:40","date_gmt":"2015-01-29T16:21:40","guid":{"rendered":"https:\/\/www.juergensmann.de\/index.php\/2015\/01\/29\/winterurlaub-in-ehrwald-2015\/"},"modified":"2015-01-29T17:21:40","modified_gmt":"2015-01-29T16:21:40","slug":"winterurlaub-in-ehrwald-2015","status":"publish","type":"post","link":"https:\/\/www.juergensmann.de\/index.php\/2015\/01\/29\/winterurlaub-in-ehrwald-2015\/","title":{"rendered":"Winterurlaub in Ehrwald 2015"},"content":{"rendered":"<p>Wieder einmal war es endlich so weit. Am 4. Januar fuhren wir in Richtung Ehrwald, meistens sahen wir Regenwolken und gr\u00fcne Wiese. Und eigentlich wollten wir doch Schnee haben, denn den braucht man doch zum Ski laufen&#8230; Nach gut 6 1\/2 Stunden, kamen wir in Ehrwald an und es lag Schnee: Gl\u00fcck gehabt!<\/p>\n<p>Am Montag fuhren wir zur Almbahn hoch, liehen uns Skier und dann konnte es los gehen. Man merkte doch deutlich, dass Ehrwald zu den Skigebieten geh\u00f6rte, in denen Schnee lag. Es war doch recht gut voll auf den Pisten, zumal ja der Dienstag auch noch ein Feiertag war.<\/p>\n<p>Und sch\u00f6n waren auch die Abende bei Familie Sch\u00f6pf und dem Karten spielen, oder aber auch das Skifahren mit unserer Gastgeberin und nicht zu vergessen der Rodelausflug mit ihr.<\/p>\n<p style=\"text-align: center;\"><a href=\"https:\/\/www.juergensmann.de\/wp-content\/uploads\/2015\/01\/Ehrwald2015-01.jpg\"><img loading=\"lazy\" decoding=\"async\" alt=\"\" src=\"https:\/\/www.juergensmann.de\/wp-content\/uploads\/2015\/01\/Ehrwald2015-01-s.jpg\" height=\"225\" hspace=\"10\" align=\"middle\" border=\"2\" vspace=\"10\" width=\"300\"><\/a>&nbsp;&nbsp; <a href=\"https:\/\/www.juergensmann.de\/wp-content\/uploads\/2015\/01\/Ehrwald2015-67.jpg\"><img loading=\"lazy\" decoding=\"async\" alt=\"\" src=\"https:\/\/www.juergensmann.de\/wp-content\/uploads\/2015\/01\/Ehrwald2015-67-s.jpg\" height=\"225\" hspace=\"10\" align=\"middle\" border=\"2\" vspace=\"10\" width=\"300\"><\/a><\/p>\n<p style=\"text-align: center;\"><a href=\"https:\/\/www.juergensmann.de\/wp-content\/uploads\/2015\/01\/Ehrwald2015-31.jpg\"><img loading=\"lazy\" decoding=\"async\" alt=\"\" src=\"https:\/\/www.juergensmann.de\/wp-content\/uploads\/2015\/01\/Ehrwald2015-31-s.jpg\" height=\"225\" hspace=\"10\" align=\"middle\" border=\"2\" vspace=\"10\" width=\"300\"><\/a> &nbsp; <a href=\"https:\/\/www.juergensmann.de\/wp-content\/uploads\/2015\/01\/Ehrwald2015-33.jpg\"><img loading=\"lazy\" decoding=\"async\" alt=\"\" src=\"https:\/\/www.juergensmann.de\/wp-content\/uploads\/2015\/01\/Ehrwald2015-33-s.jpg\" height=\"225\" hspace=\"10\" align=\"middle\" border=\"2\" vspace=\"10\" width=\"300\"><\/a><\/p>\n<p>Einmal fuhren wir mit dem Bus nach Lermoos, weil es ziemlich warm und st\u00fcrmisch war. Wir wollten uns mal den Grubigstein mit dem neuen Lift ganz nach oben und dort dann die Pisten ansehen, aber da machte uns das Wetter einen Strich durch die Rechnung. Da das Liftpersonal damit rechnen musste, dass die Gondelbahn abgestellt werden musste wegen des Stumes, lie\u00df man keine Fu\u00dfg\u00e4nger nach oben, weil die dann im Fall der F\u00e4lle nicht mehr nach unten kommen konnten. Schade, aber okay. Also fuhren wir mit dem Sessellift bis zur Grubigalm, war ja auch ganz sch\u00f6n.<\/p>\n<p>Es war jedenfalls wieder ein gelungener Urlaub und wir hatten doch viel Gl\u00fcck mit dem Winterwetter in diesem Jahr. Am 17. Januar fuhren wir wieder nach Hause, es schneite in Tirol und bei uns war wie \u00fcblich nichts mehr vom Schnee zu sehen.<\/p>\n<p style=\"text-align: center;\">&nbsp;<\/p>\n<p style=\"text-align: center;\"><a href=\"https:\/\/www.juergensmann.de\/wp-content\/uploads\/2015\/01\/Ehrwald2015-04.jpg\"><img loading=\"lazy\" decoding=\"async\" alt=\"\" src=\"https:\/\/www.juergensmann.de\/wp-content\/uploads\/2015\/01\/Ehrwald2015-04-s.jpg\" height=\"300\" hspace=\"10\" align=\"absMiddle\" border=\"2\" vspace=\"10\" width=\"400\"><\/a><\/p>\n<p style=\"text-align: center;\">&nbsp;<\/p>\n<p style=\"text-align: center;\">Zum Vergr\u00f6\u00dfern auf die Bilder klicken. Noch mehr Bilder in der <a href=\"http:\/\/gallery.juergensmann.de\/v\/2015\/\">Fotogalerie<\/a>.<\/p>\n","protected":false},"excerpt":{"rendered":"<p>Wieder einmal war es endlich so weit. Am 4. Januar fuhren wir in Richtung Ehrwald, meistens sahen wir Regenwolken und gr\u00fcne Wiese. Und eigentlich wollten wir doch Schnee haben, denn den braucht man doch zum Ski laufen&#8230; Nach gut 6 1\/2 Stunden, kamen wir in Ehrwald an und es lag Schnee: Gl\u00fcck gehabt! Am Montag [&hellip;]<\/p>\n","protected":false},"author":4,"featured_media":333,"comment_status":"closed","ping_status":"closed","sticky":false,"template":"","format":"standard","meta":{"footnotes":""},"categories":[],"tags":[],"class_list":["post-343","post","type-post","status-publish","format-standard","has-post-thumbnail","hentry"],"_links":{"self":[{"href":"https:\/\/www.juergensmann.de\/index.php\/wp-json\/wp\/v2\/posts\/343","targetHints":{"allow":["GET"]}}],"collection":[{"href":"https:\/\/www.juergensmann.de\/index.php\/wp-json\/wp\/v2\/posts"}],"about":[{"href":"https:\/\/www.juergensmann.de\/index.php\/wp-json\/wp\/v2\/types\/post"}],"author":[{"embeddable":true,"href":"https:\/\/www.juergensmann.de\/index.php\/wp-json\/wp\/v2\/users\/4"}],"replies":[{"embeddable":true,"href":"https:\/\/www.juergensmann.de\/index.php\/wp-json\/wp\/v2\/comments?post=343"}],"version-history":[{"count":0,"href":"https:\/\/www.juergensmann.de\/index.php\/wp-json\/wp\/v2\/posts\/343\/revisions"}],"wp:featuredmedia":[{"embeddable":true,"href":"https:\/\/www.juergensmann.de\/index.php\/wp-json\/wp\/v2\/media\/333"}],"wp:attachment":[{"href":"https:\/\/www.juergensmann.de\/index.php\/wp-json\/wp\/v2\/media?parent=343"}],"wp:term":[{"taxonomy":"category","embeddable":true,"href":"https:\/\/www.juergensmann.de\/index.php\/wp-json\/wp\/v2\/categories?post=343"},{"taxonomy":"post_tag","embeddable":true,"href":"https:\/\/www.juergensmann.de\/index.php\/wp-json\/wp\/v2\/tags?post=343"}],"curies":[{"name":"wp","href":"https:\/\/api.w.org\/{rel}","templated":true}]}}