{"id":369,"date":"2015-07-05T12:23:36","date_gmt":"2015-07-05T10:23:36","guid":{"rendered":"https:\/\/www.juergensmann.de\/index.php\/2015\/07\/05\/verschiedene-radtouren\/"},"modified":"2015-07-05T12:23:36","modified_gmt":"2015-07-05T10:23:36","slug":"verschiedene-radtouren","status":"publish","type":"post","link":"https:\/\/www.juergensmann.de\/index.php\/2015\/07\/05\/verschiedene-radtouren\/","title":{"rendered":"Verschiedene Radtouren"},"content":{"rendered":"<p><em>Wie der Titel schon sagt, sollen hier verschiedene von uns teilweise selbst zusammengestellte Radtouren mit und ohne Fotos beschrieben werden.<\/em><\/p>\n<p><u><strong>Radtour am 22.August 2015<\/strong><\/u><\/p>\n<p>Aus der Zeitung erfuhren wir, dass es in Westerkappeln eine neue Radtour gibt: dasWesterkappelner RadelEi. <a href=\"https:\/\/www.juergensmann.de\/wp-content\/uploads\/2015\/07\/RadelEi-01.jpg\"><img loading=\"lazy\" decoding=\"async\" src=\"https:\/\/www.juergensmann.de\/wp-content\/uploads\/2015\/07\/RadelEi-01-s.jpg\" alt=\"\" align=\"right\" border=\"2\" height=\"225\" hspace=\"20\" vspace=\"20\" width=\"300\"><\/a><\/p>\n<p>Neugierig geworden machten wir uns mal auf den Weg. Wir starteten an den Sloopsteinen, fuhren dann in Richtung Wersen, danach Richtung Velpe und Obermetten. Wir kamen \u00f6stlich an Mettingen vorbei, wandten uns in Richtung Mittellandkanal und fuhren dann den Kanal bis zur Bramegge entlang.&nbsp;<a href=\"https:\/\/www.juergensmann.de\/wp-content\/uploads\/2015\/07\/RadelEi-02.jpg\"><img loading=\"lazy\" decoding=\"async\" src=\"https:\/\/www.juergensmann.de\/wp-content\/uploads\/2015\/07\/RadelEi-02-s.jpg\" alt=\"\" align=\"left\" border=\"2\" height=\"225\" hspace=\"20\" vspace=\"20\" width=\"300\"><\/a> Anschlie\u00dfend kamen wir am ehemaligen \u00dcbungsplatz der britischen Armee vorbei, wo links von uns noch immer die Warnschilder mit der Aufschrift &#8222;Lebensgefahr &#8211; Betreten des Gel\u00e4ndes verboten&#8220; standen. Zum Schlu\u00df wurden wir wieder zu den Sloopsteinen geleitet.<\/p>\n<p>Die Radtour war landschaftlich &#8211; im s\u00fcdlichen Teil der Tour ging es durch recht h\u00fcgeliges Gel\u00e4nde, in dem man bei den Abfahrten auch mal schneller werden konnte als 40 km\/h (wenn man nicht vorher auf der Bremse war!) und einem relativ flachen Abschnitt im n\u00f6rdlichen Teil &#8211; und auch von der Wegf\u00fchrung her recht abwechslungsreich &#8211; der Stra\u00dfenbelag reichte von gut geteert \u00fcber Radwege, bei denen die Wurzeln der daneben stehenden B\u00e4ume ihre Spuren hinterlassen hatten, \u00fcber Schotterwege (am Kanal) und \u00fcber Feld- und Waldwege mit Matsch und Pf\u00fctzen. Die Beschilderung war gut, wenn auch teilweise erst gew\u00f6hnungsbed\u00fcrftig, z.B. an Verkehrsschildern. Insgesamt machten uns die etwa 45 km wirklich nichts aus und wir empfehlen diese Route wirklich auch anderen. Wen die Tour interessiert, der kann ja mal etwas googlen. Der Heimatverein Westerkappeln hat eine Beschreibung der Tour als PDF-Datei online gestellt.<\/p>\n<p style=\"text-align: center;\"><a href=\"https:\/\/www.juergensmann.de\/wp-content\/uploads\/2015\/07\/RadelEi-03.jpg\"><img loading=\"lazy\" decoding=\"async\" src=\"https:\/\/www.juergensmann.de\/wp-content\/uploads\/2015\/07\/RadelEi-03-s.jpg\" alt=\"\" align=\"absMiddle\" border=\"2\" height=\"300\" hspace=\"20\" vspace=\"20\" width=\"400\"><\/a><\/p>\n<p><u><strong>Radtour am 5.August 2015&nbsp; <br \/><\/strong><\/u><\/p>\n<p>Heute machten wir uns auf Empfehlung von Nachbarn mal auf die Tour &#8222;Rund um Belm&#8220;. Es war sch\u00f6nes Wetter und so d\u00fcrfte es auch nichts ausmachen, dass die Route mit ihren ca.40 km und einigen Steigungen zu den l\u00e4ngeren in diesem Jahr geh\u00f6rte.<\/p>\n<p>Wir starteten in Belm in der N\u00e4he des Media Marktes und fuhren erst einmal in Richtung Gretesch leicht bergauf. Dann ging es weiter nach Darum, Wellingen, Gro\u00df Haltern, Klein Haltern und Richtung Ostercappeln durch die Siedlung Bergfrieden. Weiter fuhren wir \u00fcber Vehrte, Icker, Espowe nach Rulle. Von da aus sind wir dann durch das Nettetal geradelt, danach nach Powe und von dort aus wieder zu unserem Auto zur\u00fcck. Wer sich alles etwas genauer ansehen will, der sollte auf die <a href=\"http:\/\/www.belm.de\/staticsite\/saticsite.php?menuid=50&amp;to\">Internetseite<\/a> Belms gehen.<\/p>\n<p>Wir fanden diese Fahrradtour jedenfalls sehr sch\u00f6n und gut ausgeschildert.<\/p>\n<p style=\"text-align: center;\"><a href=\"https:\/\/www.juergensmann.de\/wp-content\/uploads\/2015\/07\/Rulle.JPG\"><img loading=\"lazy\" decoding=\"async\" alt=\"Maria Frieden\" src=\"https:\/\/www.juergensmann.de\/wp-content\/uploads\/2015\/07\/Rulle-s.jpg\" border=\"2\" height=\"300\" hspace=\"20\" vspace=\"20\" width=\"225\"><\/a>&nbsp;&nbsp;&nbsp; <a href=\"https:\/\/www.juergensmann.de\/wp-content\/uploads\/2015\/07\/Knollmeyer.JPG\"><img loading=\"lazy\" decoding=\"async\" alt=\"Knollmeyers M\u00fchle\" src=\"https:\/\/www.juergensmann.de\/wp-content\/uploads\/2015\/07\/Knollmeyer-s.jpg\" border=\"2\" height=\"300\" hspace=\"20\" vspace=\"20\" width=\"225\"><\/a><\/p>\n<p>&nbsp;<\/p>\n<p><u><strong>Radtour am 21.Juli 2915<\/strong><\/u><\/p>\n<p>Wir machten uns mit unseren Bekannten um 14.00 Uhr bei sehr sch\u00f6nem Wetter mit den R\u00e4dern auf den Weg. Zun\u00e4chst fuhren wir in Kloster Oesede in Richtung Bahn\u00fcbergang. Von da aus ging es in Richtung Autohaus Meer und weiter geradeaus bei der G\u00e4rtnerei Wallenhorst votbei zur Wellendorfer Stra\u00dfe. In einer Kurve bogen wir dann rechts ab und immer den Berg hinauf bis zur Borgloher Stra\u00dfe. Von da aus in den Wald zum Zeppelinstein, an dem wir dann eine kleine Pause machten.<\/p>\n<p style=\"text-align: center;\"><a href=\"https:\/\/www.juergensmann.de\/wp-content\/uploads\/2015\/07\/Zeppelinstein.JPG\"><img loading=\"lazy\" decoding=\"async\" alt=\"\" src=\"https:\/\/www.juergensmann.de\/wp-content\/uploads\/2015\/07\/Zeppelinstein-s.jpg\" border=\"2\" height=\"400\" hspace=\"20\" vspace=\"20\" width=\"300\"><\/a><\/p>\n<p>Danach f\u00fchrte uns die Tour weiter zum Haasesee und weiter in Richtung Wassertretstelle in Bad Iburg.Nach einer weiteren Pause (einer von uns machte sogar von der M\u00f6glichkeit der Wassertretstelle Gebrauch!!) fuhren wir dann bis zum Lokal Schlossm\u00fchle und a\u00dfen dort ein Eis, was nat\u00fcrlich bei diesem sch\u00f6nen Wetter drau\u00dfen genossen wurde.<\/p>\n<p style=\"text-align: center;\"><a href=\"https:\/\/www.juergensmann.de\/wp-content\/uploads\/2015\/07\/BurgIburg.JPG\"><img loading=\"lazy\" decoding=\"async\" alt=\"\" src=\"https:\/\/www.juergensmann.de\/wp-content\/uploads\/2015\/07\/BurgIburg-s.jpg\" border=\"2\" height=\"300\" hspace=\"20\" vspace=\"20\" width=\"400\"><\/a><\/p>\n<p>Dann ging es \u00fcber Glane in Richtung Hilter und weiter die B68 entlang, bis wir links in den Kloster Oeseder Weg abbogen und so allm\u00e4hlich \u00fcber Hankenberge wieder die Richtung zu Hause anpeilten. Nach fast 35.km war die Radelei dann zu Ende und wir gingen beiuns auf der Terasse zum gem\u00fctlichen Teil des Tages \u00fcber. Es wurde gegrillt und danach Karten gespielt.<\/p>\n<p>So war es ein sch\u00f6ner Tag!<\/p>\n<p>&nbsp;<\/p>\n<p><u><strong>Radtour am 18.Juli 2015<\/strong><\/u><\/p>\n<p>Da es tags\u00fcber sehr windig und warm war, beschlossen wir,erst gegen Abend unsere Fahrr\u00e4der zu Bem\u00fchen und eine kleine Runde von ca.16 km zu fahren. Es ging die Hohe Linde hoch, dann in Richtung Oesede Nord. Wir fuhren dann zur Gl\u00fcckaufstra\u00dfe, hinter den Gleisen her und ein St\u00fcck die Osnabr\u00fccker Stra\u00dfe hoch. Dann wendeten wir uns nach links und fuhren die Osterberger Reihe entlang in Richtung Malbergen. Mit etwas Gl\u00fcck kamen wir am Gut Osthoff an und machten dort eine Pause, um alles zu sehen und nat\u00fcrlich zu fotografieren.<\/p>\n<p style=\"text-align: center;\"><a href=\"https:\/\/www.juergensmann.de\/wp-content\/uploads\/2015\/07\/GutOsthoff.JPG\"><img loading=\"lazy\" decoding=\"async\" alt=\"\" src=\"https:\/\/www.juergensmann.de\/wp-content\/uploads\/2015\/07\/GutOsthoff-s.jpg\" border=\"2\" height=\"210\" hspace=\"20\" vspace=\"20\" width=\"280\"><\/a>&nbsp;&nbsp;&nbsp; <a href=\"https:\/\/www.juergensmann.de\/wp-content\/uploads\/2015\/07\/GutOsthoff2.jpg\"><img loading=\"lazy\" decoding=\"async\" alt=\"\" src=\"https:\/\/www.juergensmann.de\/wp-content\/uploads\/2015\/07\/GutOsthoff2-s.jpg\" border=\"2\" height=\"210\" hspace=\"20\" vspace=\"20\" width=\"280\"><\/a><\/p>\n<p style=\"text-align: center;\"><a href=\"https:\/\/www.juergensmann.de\/wp-content\/uploads\/2015\/07\/GutOsthoff3.jpg\"><img loading=\"lazy\" decoding=\"async\" alt=\"\" src=\"https:\/\/www.juergensmann.de\/wp-content\/uploads\/2015\/07\/GutOsthoff3-s.jpg\" border=\"2\" height=\"300\" hspace=\"20\" vspace=\"20\" width=\"225\"><\/a>&nbsp;<a href=\"https:\/\/www.juergensmann.de\/wp-content\/uploads\/2015\/07\/GutOsthoff4.jpg\"><img loading=\"lazy\" decoding=\"async\" alt=\"\" src=\"https:\/\/www.juergensmann.de\/wp-content\/uploads\/2015\/07\/GutOsthoff4-s.jpg\" border=\"2\" height=\"300\" hspace=\"20\" vspace=\"20\" width=\"225\"><\/a><\/p>\n<p>Auf einem etwas abenteuerlichen Weg gelang es uns, dann ins Industriegebiet zu kommen, wo wir uns doch schon etwas mehr auskannten. Die Route f\u00fchrte uns durch Oesede und zu Potthoffs Wiese. Hier f\u00fchrte ein Weg nach Dr\u00f6per zur Wellendorfer Stra\u00dfe,der wir ein St\u00fcckchen folgten, um dann nach links abzubiegen und wieder nach Kloster Oesede zur\u00fcck zu fahren.<\/p>\n<p><u><strong>Radtour am 11.Juli 2015<\/strong><\/u><\/p>\n<p>Heute sind wir so ca. 25 km bei ungef\u00e4hr 27\u00b0 Fahrrad gefahren. Die Route f\u00fchrte uns von Steinhagen aus in Richtung Patthorst und  der Autobahn (A33) im Bau, dann&nbsp; nach Vennort und s\u00fcdlich an Brockhagen vorbei. Anschlie\u00dfend ging es \u00fcber Str\u00f6hen nach Steinhagen zur\u00fcck. Es war super  Wetter, zum Rad fahren genau richtig, nicht zu warm, nicht zu windig, aber der Fahrtwind war angenehm. Landschaftlich war es eine  abwechslungsreiche Tour, die keine gr\u00f6\u00dferen Steigungen hatte. Alles in allem kann man sagen: es hat sich gelohnt!<\/p>\n","protected":false},"excerpt":{"rendered":"<p>Wie der Titel schon sagt, sollen hier verschiedene von uns teilweise selbst zusammengestellte Radtouren mit und ohne Fotos beschrieben werden. Radtour am 22.August 2015 Aus der Zeitung erfuhren wir, dass es in Westerkappeln eine neue Radtour gibt: dasWesterkappelner RadelEi. Neugierig geworden machten wir uns mal auf den Weg. Wir starteten an den Sloopsteinen, fuhren dann [&hellip;]<\/p>\n","protected":false},"author":4,"featured_media":347,"comment_status":"closed","ping_status":"closed","sticky":false,"template":"","format":"standard","meta":{"footnotes":""},"categories":[],"tags":[],"class_list":["post-369","post","type-post","status-publish","format-standard","has-post-thumbnail","hentry"],"_links":{"self":[{"href":"https:\/\/www.juergensmann.de\/index.php\/wp-json\/wp\/v2\/posts\/369","targetHints":{"allow":["GET"]}}],"collection":[{"href":"https:\/\/www.juergensmann.de\/index.php\/wp-json\/wp\/v2\/posts"}],"about":[{"href":"https:\/\/www.juergensmann.de\/index.php\/wp-json\/wp\/v2\/types\/post"}],"author":[{"embeddable":true,"href":"https:\/\/www.juergensmann.de\/index.php\/wp-json\/wp\/v2\/users\/4"}],"replies":[{"embeddable":true,"href":"https:\/\/www.juergensmann.de\/index.php\/wp-json\/wp\/v2\/comments?post=369"}],"version-history":[{"count":0,"href":"https:\/\/www.juergensmann.de\/index.php\/wp-json\/wp\/v2\/posts\/369\/revisions"}],"wp:featuredmedia":[{"embeddable":true,"href":"https:\/\/www.juergensmann.de\/index.php\/wp-json\/wp\/v2\/media\/347"}],"wp:attachment":[{"href":"https:\/\/www.juergensmann.de\/index.php\/wp-json\/wp\/v2\/media?parent=369"}],"wp:term":[{"taxonomy":"category","embeddable":true,"href":"https:\/\/www.juergensmann.de\/index.php\/wp-json\/wp\/v2\/categories?post=369"},{"taxonomy":"post_tag","embeddable":true,"href":"https:\/\/www.juergensmann.de\/index.php\/wp-json\/wp\/v2\/tags?post=369"}],"curies":[{"name":"wp","href":"https:\/\/api.w.org\/{rel}","templated":true}]}}