{"id":376,"date":"2015-08-12T15:50:20","date_gmt":"2015-08-12T13:50:20","guid":{"rendered":"https:\/\/www.juergensmann.de\/index.php\/2015\/08\/12\/ausflug-nach-emmen-nl-2015\/"},"modified":"2015-08-12T15:50:20","modified_gmt":"2015-08-12T13:50:20","slug":"ausflug-nach-emmen-nl-2015","status":"publish","type":"post","link":"https:\/\/www.juergensmann.de\/index.php\/2015\/08\/12\/ausflug-nach-emmen-nl-2015\/","title":{"rendered":"Ausflug nach Emmen\/NL 2015"},"content":{"rendered":"<p>Am Dienstag, den 11.August fuhren wir mit dem Auto (die R\u00e4der hatten wir nat\u00fcrlich auf dem Hecktr\u00e4ger!) nach Emmen\/NL. Dort wollten wir die Radtour &#8222;Rund um Emmen&#8220; mit einer L\u00e4nge von ca.33 km machen. Zwar ist uns das Ausschilderungssystem durchaus bekannt, aber trotzdem hatten wir zun\u00e4chst unsere Schwierigkeiten, den &#8222;knooppunt 21&#8220; am Bahnhof zu finden, da einige Stra\u00dfen gesperrt waren, weil ein Radrennen dort stattfand. Ist ja auch ganz sch\u00f6n, zumal da etliche Buden usw. aufgestellt waren und sich viele Leute das Rennen ansehen wollten. Au\u00dferdem gab es noch den w\u00f6chentlichen &#8222;Vlindermarkt&#8220;. Man kann sich also wohl vorstellen, dass die Innenstadt von Emmen nicht ganz leer war. Na, und \u00fcberall die ber\u00fchmten &#8222;fietsen&#8220;.<\/p>\n<p>Als wir dann endlich einen &#8222;knooppunt&#8220; gefunden hatten, ging die Radtour dann auch los, allerdings in umgekehrter Richtung als geplant war. Aber das machte nichts, die Strecke war gut ausgeschildert und so begannen wir also bei &#8222;knooppunt 16&#8220;. Der Endpunkt war dann am Bahnhof der Punkt 21.<\/p>\n<p style=\"text-align: center;\"><a href=\"https:\/\/www.juergensmann.de\/wp-content\/uploads\/2015\/08\/Emmen01.jpg\"><img loading=\"lazy\" decoding=\"async\" alt=\"Alte Bauernh\u00f6fe\" src=\"https:\/\/www.juergensmann.de\/wp-content\/uploads\/2015\/08\/Emmen01-s.jpg\" height=\"225\" hspace=\"20\" vspace=\"20\" width=\"300\" border=\"2\"><\/a>&nbsp;&nbsp; <a href=\"https:\/\/www.juergensmann.de\/wp-content\/uploads\/2015\/08\/Emmen05.jpg\"><img loading=\"lazy\" decoding=\"async\" alt=\"Sch\u00f6neVorg\u00e4rten\" src=\"https:\/\/www.juergensmann.de\/wp-content\/uploads\/2015\/08\/Emmen05-s.jpg\" height=\"225\" hspace=\"20\" vspace=\"20\" width=\"300\" border=\"2\"><\/a><\/p>\n<p>Es ging also los in Richtung Westenesch, dann durch ein Waldgebiet nach Valthe. \u00dcber Weerdinge und Emmerschans kamen wir in Randgebiete von Klazienaveen und schlie\u00dflich wieder nach Emmen. Die Strecke lie\u00df sich gut fahren, die Beschilderung stimmte, das Wetter auch und so stellten wir in Emmen-Centrum unsere R\u00e4der &#8211; wie viele andere vor uns auch &#8211; ab und a\u00dfen erst einmal etwas. Danach sahen wir uns noch etwas in Emmen um, bevor wir zu den R\u00e4dern und dann zum Auto zur\u00fcckkehrten.<\/p>\n<p style=\"text-align: center;\"><a href=\"https:\/\/www.juergensmann.de\/wp-content\/uploads\/2015\/08\/Emmen10.jpg\"><img loading=\"lazy\" decoding=\"async\" alt=\"Windm\u00fchle Weerdinge\" src=\"https:\/\/www.juergensmann.de\/wp-content\/uploads\/2015\/08\/Emmen10-s.jpg\" height=\"399\" hspace=\"20\" vspace=\"20\" width=\"300\" border=\"2\"><\/a><\/p>\n<p>Alles in allem war es ein gelungener und sch\u00f6ner Tagesausflug, den wir dann am Abend auf unserer Terrasse ausklingen lie\u00dfen. &nbsp;<\/p>\n<p>&nbsp;<\/p>\n","protected":false},"excerpt":{"rendered":"<p>Am Dienstag, den 11.August fuhren wir mit dem Auto (die R\u00e4der hatten wir nat\u00fcrlich auf dem Hecktr\u00e4ger!) nach Emmen\/NL. Dort wollten wir die Radtour &#8222;Rund um Emmen&#8220; mit einer L\u00e4nge von ca.33 km machen. Zwar ist uns das Ausschilderungssystem durchaus bekannt, aber trotzdem hatten wir zun\u00e4chst unsere Schwierigkeiten, den &#8222;knooppunt 21&#8220; am Bahnhof zu finden, [&hellip;]<\/p>\n","protected":false},"author":4,"featured_media":370,"comment_status":"closed","ping_status":"closed","sticky":false,"template":"","format":"standard","meta":{"footnotes":""},"categories":[],"tags":[],"class_list":["post-376","post","type-post","status-publish","format-standard","has-post-thumbnail","hentry"],"_links":{"self":[{"href":"https:\/\/www.juergensmann.de\/index.php\/wp-json\/wp\/v2\/posts\/376","targetHints":{"allow":["GET"]}}],"collection":[{"href":"https:\/\/www.juergensmann.de\/index.php\/wp-json\/wp\/v2\/posts"}],"about":[{"href":"https:\/\/www.juergensmann.de\/index.php\/wp-json\/wp\/v2\/types\/post"}],"author":[{"embeddable":true,"href":"https:\/\/www.juergensmann.de\/index.php\/wp-json\/wp\/v2\/users\/4"}],"replies":[{"embeddable":true,"href":"https:\/\/www.juergensmann.de\/index.php\/wp-json\/wp\/v2\/comments?post=376"}],"version-history":[{"count":0,"href":"https:\/\/www.juergensmann.de\/index.php\/wp-json\/wp\/v2\/posts\/376\/revisions"}],"wp:featuredmedia":[{"embeddable":true,"href":"https:\/\/www.juergensmann.de\/index.php\/wp-json\/wp\/v2\/media\/370"}],"wp:attachment":[{"href":"https:\/\/www.juergensmann.de\/index.php\/wp-json\/wp\/v2\/media?parent=376"}],"wp:term":[{"taxonomy":"category","embeddable":true,"href":"https:\/\/www.juergensmann.de\/index.php\/wp-json\/wp\/v2\/categories?post=376"},{"taxonomy":"post_tag","embeddable":true,"href":"https:\/\/www.juergensmann.de\/index.php\/wp-json\/wp\/v2\/tags?post=376"}],"curies":[{"name":"wp","href":"https:\/\/api.w.org\/{rel}","templated":true}]}}