{"id":43,"date":"2012-06-01T18:18:20","date_gmt":"2012-06-01T16:18:20","guid":{"rendered":"https:\/\/www.juergensmann.de\/index.php\/2012\/06\/01\/kellenhusen-im-mai-2012\/"},"modified":"2012-06-01T18:18:20","modified_gmt":"2012-06-01T16:18:20","slug":"kellenhusen-im-mai-2012","status":"publish","type":"post","link":"https:\/\/www.juergensmann.de\/index.php\/2012\/06\/01\/kellenhusen-im-mai-2012\/","title":{"rendered":"Kellenhusen im Mai 2012"},"content":{"rendered":"<p><strong>Himmelfahrt in Kellenhusen<\/strong><strong> \/ Mai 2012<\/strong><\/p>\n<p>Seit Jahren ist es Tradition geworden, dass wir uns in der Himmelfahrtswoche mit unseren S\u00f6hnen und den Schwiegert\u00f6chtern im Ostseebad Kellenhusen zu einem Kurzurlaub treffen. So auch nat\u00fcrlich dieses Jahr! Da dieses Jahr Ostern fr\u00fcher war als im letzten Jahr, war das Wetter noch nicht so sch\u00f6n und das Wasser noch dementsprechend kalt. Also kein Badeurlaub im Strandkorb wie im letzten Jahr, sondern Radfahren, Wandern, Bummeln, Shoppen, Ostholstein erkunden &#8230;<\/p>\n<p>Nach dem obligatorischen Gang \u00fcber die Promenade am Ankunftstag ging es am n\u00e4chsten Tag mit dem Fahrrad \u00fcber Cismar nach Gr\u00f6mitz. Auf dem R\u00fcckweg \u00fcber den Deich haben wir uns den Klettergarten dort n\u00e4her angesehen.<a href=\"https:\/\/www.juergensmann.de\/wp-content\/uploads\/2012\/06\/Seilgarten.jpg\"><img loading=\"lazy\" decoding=\"async\" alt=\"\" src=\"https:\/\/www.juergensmann.de\/wp-content\/uploads\/2012\/06\/Seilgarten_thb.jpg\" align=\"left\" border=\"2\" height=\"180\" hspace=\"20\" vspace=\"20\" width=\"240\"><\/a> Ich glaube, ich w\u00fcrde den Parcours mit sehr viel Respekt absolvieren! Und wenn ich dann gesehen habe, mit welcher Selbstverst\u00e4ndlichkeit sich kleine Kinder durch das Gewirr von Stangen, Seilen und Hindernissen bewegte &#8230; alle Achtung. Ich glaube, ich w\u00e4re dort eher eine Art Verkehrshindernis &#8230;<\/p>\n<p>Da, wie gesagt, das Wetter nicht so toll war, war f\u00fcr den Dienstag ein Besuch des Museumshofs in Lensahn angesagt. Naja, eigentlich hatten wir so eine gute Stunde eingeplant &#8211; eine Fehlplanung. Das Gel\u00e4nde war so riesig und das Ganze so interessant, dass wir \u00fcber drei Stunden dort geblieben sind. Ich habe irgendwann aufgegeben, die dort ausgestellten Treckerrarit\u00e4ten zu z\u00e4hlen. <a href=\"https:\/\/www.juergensmann.de\/wp-content\/uploads\/2012\/06\/Museum.jpg\"><img loading=\"lazy\" decoding=\"async\" alt=\"\" src=\"https:\/\/www.juergensmann.de\/wp-content\/uploads\/2012\/06\/Museum_thb.jpg\" align=\"right\" border=\"2\" height=\"180\" hspace=\"20\" vspace=\"20\" width=\"240\"><\/a>Von anderen Landmaschinen wie alten Dreschmaschinen, Selbstbindern, Eggen, S\u00e4gen und anderem Handwerkszeug ganz zu schweigen. Selbst Ute, die Museen eher im Schnelldurchgang bew\u00e4ltigt, war mit Gucken und Lesen ziemlich besch\u00e4ftigt. Und der Kuchen im Hofcafe war auch lecker &#8230; Der anschlie\u00dfende Besuch in Heiligenhafen fiel dann nat\u00fcrlich entsprechend k\u00fcrzer aus.<\/p>\n<p>Am Mittwoch war Regen angesagt. Das ist dann das Wetter f\u00fcr einen St\u00e4dtebesuch. Es sollten L\u00fcbeck und Travem\u00fcnde sein. Da in Travem\u00fcnde die Besichtigung der &#8222;Passat&#8220; auf dem Programm stand, f\u00fchrte die Fahrt zuerst dorthin. Wir wurden mit einem heftigen Regenschauer begr\u00fc\u00dft und fl\u00fcchteten in ein Fischrestaurant, wo wir gedachten, unser t\u00e4gliches Fischbr\u00f6tchen zu uns zu nehmen. Es wurde etwas mehr und lecker war es au\u00dferdem. Nachdem der Regen aufgeh\u00f6rt hatte, ging es mit der F\u00e4hre r\u00fcber zum Priwall und zum Liegeplatz der &#8222;Passat&#8220;. Der n\u00e4chste Regenschauer &#8211; aber diesmal keine Pause. Vorbei am Yachthafen Travem\u00fcnde, wo der Wind so richtig sch\u00f6n in den Wanten und der Takelage der dort liegenden Boote heulte. Gem\u00fctlich!!! Nat\u00fcrlich h\u00f6rte der Regen auf, als wir auf der &#8222;Passat&#8220; waren. <a href=\"https:\/\/www.juergensmann.de\/wp-content\/uploads\/2012\/06\/Passat.jpg\"><img loading=\"lazy\" decoding=\"async\" alt=\"\" src=\"https:\/\/www.juergensmann.de\/wp-content\/uploads\/2012\/06\/Passat_thb.jpg\" align=\"left\" border=\"2\" height=\"240\" hspace=\"20\" vspace=\"20\" width=\"180\"><\/a>Gott sei Dank, denn wenn man die Masten (52m!) hochguckt, muss es ja nicht in das Gesicht regnen. Und wenn man sich dann noch vorstellt, bei Sturm in der Takelage rumzuklettern und dort Segel zu reffen oder zu bergen! Die alten Fotos im Schiff zeigten solche Situationen deutlich genug. Jedenfalls kein Vergleich mit einem Kreuzfahrtschiff!<\/p>\n<p>Donnerstag war das Wetter wieder besser und wir konnten wieder Radfahren. Ziel war diesmal Dahme, aber nicht \u00fcber den Deich, sondern durch den Wald im Kellenhusener Hinterland. Da es noch ganz gut wehte, war es dort sehr angenehm zu fahren. Bloss auf dem letzten St\u00fcck hatten wir einen Reitweg erwischt. Wir hatten am Waldrand gehalten und eine Familie mit einem Kinderwagen aus dem Wald kommen sehen. Wenn man dort mit einem Kinderwagen entlang kommt, dann sicher auch mit einem Fahrrad &#8211; dachten wir. Dummerweise sind unsere Fahrr\u00e4der keine Mountainbikes. Wir haben die Strecke trotzdem geschafft und und uns in Dahme zur Entspannung erst mal ein Eis geg\u00f6nnt. Auf dem R\u00fcckweg ging es dann noch am Cafe Vogelsang vorbei, wo dann die legend\u00e4ren Windbeutel getestet wurden. Abends war dann noch Musike an der Seebr\u00fccke angesagt.<\/p>\n<p>Das Wetter wurde immer besser. Also wieder rauf das Fahrrad und zum Hof Hagen, einem Bauernladen mit Cafe geradelt. Naja, ganz nett, um sich die Zeit zu vertreiben, aber sonst nichts Aufregendes. Aber der Kuchen war &#8211; mal wieder &#8211; lecker! <a href=\"https:\/\/www.juergensmann.de\/wp-content\/uploads\/2012\/06\/Hagen.jpg\"><img loading=\"lazy\" decoding=\"async\" alt=\"\" src=\"https:\/\/www.juergensmann.de\/wp-content\/uploads\/2012\/06\/Hagen_thb.jpg\" align=\"right\" border=\"2\" height=\"180\" hspace=\"20\" vspace=\"20\" width=\"240\"><\/a>Ansonsten: Faulenzen auf der Promenade in Kellenhusen, Fischbr\u00f6tchen, Leute gucken, Shoppen.<\/p>\n<p>Am Samstag wurde das Wetter noch besser. Auf vielf\u00e4ltigen Wunsch unserer Schwiegert\u00f6chter wolten wir uns die &#8222;Ambienta&#8220; in Siershagen angucken. Also mal gucken, diesmal aber mit dem Auto. Das Ganze war, wie schon der Name vermuten liess, eine Lifestyle-Schau. Das Eine oder Andere war auch wirklich h\u00fcbsch anzuschauen und f\u00fcr mich als Hobby-G\u00e4rtner gabs nat\u00fcrlich auch was zu sehen. Das Drumherum auf dem Gutshof mit dem schicken Herrenhaus<a href=\"https:\/\/www.juergensmann.de\/wp-content\/uploads\/2012\/06\/Herrenhaus.jpg\"><img loading=\"lazy\" decoding=\"async\" alt=\"\" src=\"https:\/\/www.juergensmann.de\/wp-content\/uploads\/2012\/06\/Herrenhaus_thb.jpg\" align=\"left\" border=\"2\" height=\"180\" hspace=\"20\" vspace=\"20\" width=\"240\"><\/a> war sehenswert, sodass man den Eintritt von 10\u20ac nicht umbedingt bedauern musste. Zum Abschluss gabs f\u00fcr drei Familienmitglieder noch einen Hubschrauber-Rundflug \u00fcber Ost-Holstein. Da ich etwas unter H\u00f6henangst leide, habe ich mir die Teilnahme verkniffen, habe aber leider vergessen, Ute den Fotoapparat mitzugeben. Der einzige Wermutstropfen des Tages. Ansonsten gabs nach der Tour noch das gro\u00dfe Abendessen bei Vogelsang als Ausklang einer tollen Woche, denn leider stand am n\u00e4chsten Tag die Heimreise an.<\/p>\n<p>Bis n\u00e4chstes Jahr, Kellenhusen.<\/p>\n<p>&nbsp;<\/p>\n<p>&nbsp;<\/p>\n<p style=\"text-align: center;\"><a href=\"https:\/\/www.juergensmann.de\/wp-content\/uploads\/2012\/06\/Fischer.jpg\"><img loading=\"lazy\" decoding=\"async\" alt=\"\" src=\"https:\/\/www.juergensmann.de\/wp-content\/uploads\/2012\/06\/Fischer_klein.jpg\" align=\"middle\" border=\"2\" height=\"300\" width=\"400\"><\/a><\/p>\n<p>&nbsp;<\/p>\n<p style=\"text-align: center;\"><em>(Zum Vergr\u00f6\u00dfern auf die Bilder klicken)<\/em><\/p>\n<p style=\"text-align: center;\"><a href=\"http:\/\/gallery.juergensmann.de\/v\/2012\/Kellenhusen\/\"><strong>Noch mehr Bilder gibts auf unserer Gallery<\/strong><\/a><\/p>\n","protected":false},"excerpt":{"rendered":"<p>Himmelfahrt in Kellenhusen \/ Mai 2012 Seit Jahren ist es Tradition geworden, dass wir uns in der Himmelfahrtswoche mit unseren S\u00f6hnen und den Schwiegert\u00f6chtern im Ostseebad Kellenhusen zu einem Kurzurlaub treffen. So auch nat\u00fcrlich dieses Jahr! Da dieses Jahr Ostern fr\u00fcher war als im letzten Jahr, war das Wetter noch nicht so sch\u00f6n und das [&hellip;]<\/p>\n","protected":false},"author":3,"featured_media":25,"comment_status":"closed","ping_status":"closed","sticky":false,"template":"","format":"standard","meta":{"footnotes":""},"categories":[],"tags":[],"class_list":["post-43","post","type-post","status-publish","format-standard","has-post-thumbnail","hentry"],"_links":{"self":[{"href":"https:\/\/www.juergensmann.de\/index.php\/wp-json\/wp\/v2\/posts\/43","targetHints":{"allow":["GET"]}}],"collection":[{"href":"https:\/\/www.juergensmann.de\/index.php\/wp-json\/wp\/v2\/posts"}],"about":[{"href":"https:\/\/www.juergensmann.de\/index.php\/wp-json\/wp\/v2\/types\/post"}],"author":[{"embeddable":true,"href":"https:\/\/www.juergensmann.de\/index.php\/wp-json\/wp\/v2\/users\/3"}],"replies":[{"embeddable":true,"href":"https:\/\/www.juergensmann.de\/index.php\/wp-json\/wp\/v2\/comments?post=43"}],"version-history":[{"count":0,"href":"https:\/\/www.juergensmann.de\/index.php\/wp-json\/wp\/v2\/posts\/43\/revisions"}],"wp:featuredmedia":[{"embeddable":true,"href":"https:\/\/www.juergensmann.de\/index.php\/wp-json\/wp\/v2\/media\/25"}],"wp:attachment":[{"href":"https:\/\/www.juergensmann.de\/index.php\/wp-json\/wp\/v2\/media?parent=43"}],"wp:term":[{"taxonomy":"category","embeddable":true,"href":"https:\/\/www.juergensmann.de\/index.php\/wp-json\/wp\/v2\/categories?post=43"},{"taxonomy":"post_tag","embeddable":true,"href":"https:\/\/www.juergensmann.de\/index.php\/wp-json\/wp\/v2\/tags?post=43"}],"curies":[{"name":"wp","href":"https:\/\/api.w.org\/{rel}","templated":true}]}}