{"id":97,"date":"2018-07-22T11:44:49","date_gmt":"2018-07-22T09:44:49","guid":{"rendered":"https:\/\/www.juergensmann.de\/index.php\/2018\/07\/22\/besuch-der-laga-bad-iburg\/"},"modified":"2018-07-22T11:44:49","modified_gmt":"2018-07-22T09:44:49","slug":"besuch-der-laga-bad-iburg","status":"publish","type":"post","link":"https:\/\/www.juergensmann.de\/index.php\/2018\/07\/22\/besuch-der-laga-bad-iburg\/","title":{"rendered":"Besuch der LaGa Bad Iburg"},"content":{"rendered":"<p>Nachdem wir viel Schlechtes (zu teuer), aber auch so einiges Gute von der Landesgartenschau in Bad Iburg geh\u00f6rt hatten, entschlossen wir uns, uns selbst ein Bild zu machen. Am Sonntag, dem 8. Juli fuhren wir bei einem sehr sch\u00f6nem Wetter nach Bad Iburg. Der Parkplatz war gut ausgeschildert und kostenlos und gut zu erreichen. Nach ca. 5 Minuten Fu\u00dfmarsch konnten wir uns am Haupteingang unsere Karten besorgen. F\u00fcr 18,50\u20ac kein Schn\u00e4ppchen, aber man will ja auch keine roten Zahlen schreiben. Zun\u00e4chst ging es Richtung Charlottensee. Au\u00dfer Blumenbeeten hatten die Gartenschau-Macher noch einige andere Dinge auf die Beine gestellt, die wohl dazu dienen sollen, die Attraktivit\u00e4t Bad Iburgs auch \u00fcber die Zeit nach der Laga hinaus zu sichern. Nachhaltigkeit ist ja durchaus positiv! Deutlich zu sehen war nat\u00fcrlich, dass auch die Landesgartenschau unter der gro\u00dfen Trockenheit zu leiden hatte &#8211; braune Rasenfl\u00e4chen und staubige Wege inklusive. Die Blumenbeete selbst wurden nat\u00fcrlich bew\u00e4ssert und man sah auch den einen oder anderen G\u00e4rtner mit dem Schlauch in der Hand. An der Veranstaltungsb\u00fchne gab es dann eine \u00dcberraschung. Dort standen die &#8222;Fahrzeuge&#8220; der Steam Punks vom Abacus-Theater aus den Niederlanden. Wer wissen m\u00f6chte, was das ist, kann sich nat\u00fcrlich die Bilder in unserer Gallery anschauen oder sich im Internet informieren. Wir konnten jedenfalls zusehen, wie sich die Fahrzeuge in Bewegung setzten. Es war schon interessant und es wurde flei\u00dfig fotografiert und gefilmt.<\/p>\n<p style=\"text-align: center;\"><a href=\"https:\/\/www.juergensmann.de\/wp-content\/uploads\/2018\/07\/LaGaBadIburg025.JPG\"><img loading=\"lazy\" decoding=\"async\" src=\"https:\/\/www.juergensmann.de\/wp-content\/uploads\/2018\/07\/LaGaBadIburg025-s.jpg\" alt=\"\" width=\"267\" vspace=\"20\" hspace=\"20\" height=\"200\" border=\"20\"><\/a>&nbsp;&nbsp;&nbsp; <a href=\"https:\/\/www.juergensmann.de\/wp-content\/uploads\/2018\/07\/LaGaBadIburg034.JPG\"><img loading=\"lazy\" decoding=\"async\" src=\"https:\/\/www.juergensmann.de\/wp-content\/uploads\/2018\/07\/LaGaBadIburg034-s.jpg\" alt=\"\" width=\"267\" vspace=\"20\" hspace=\"20\" height=\"200\" border=\"20\"><\/a><\/p>\n<p style=\"text-align: center;\"><a href=\"https:\/\/www.juergensmann.de\/wp-content\/uploads\/2018\/07\/LaGaBadIburg071.JPG\"><img loading=\"lazy\" decoding=\"async\" src=\"https:\/\/www.juergensmann.de\/wp-content\/uploads\/2018\/07\/LaGaBadIburg071-s.jpg\" alt=\"\" width=\"267\" vspace=\"20\" hspace=\"20\" height=\"200\" border=\"20\"><\/a>&nbsp;&nbsp;&nbsp; <a href=\"https:\/\/www.juergensmann.de\/wp-content\/uploads\/2018\/07\/LaGaBadIburg081.JPG\"><img loading=\"lazy\" decoding=\"async\" src=\"https:\/\/www.juergensmann.de\/wp-content\/uploads\/2018\/07\/LaGaBadIburg081-s.jpg\" alt=\"\" width=\"267\" vspace=\"20\" hspace=\"20\" height=\"200\" border=\"20\"><\/a><\/p>\n<p>Danach ging es weiter &#8211; unterhalb der Burg, am Charlottensee entlang und \u00fcber den Steg, der eine Umgehung der Schlo\u00dfm\u00fchle und des Kiosks am Charlottensee erm\u00f6glichte, weiter am See entlang und dann wieder \u00fcber die Br\u00fccke \u00fcber die B51 zum Teil der LaGa unterhalb der D\u00f6renberg-Klinik. Neben der \u00fcblichen Gastronomie gab es in diesem Bereich etliche Musterg\u00e4rten, die dann den Begriff Landesgartenschau erf\u00fcllten. Hier gab es neben schattigen Sitzm\u00f6glichkeiten auch einen kleinen Pool, der bei dem Wetter von kleinen Kindern mit Begeisterung genutzt wurde. Ein Zelt mit der \u00dcberschrift &#8222;Blumenschau&#8220; verdiente meiner Meinung nach nur sehr bedingt diesen Namen (einer der Kritikpunkte, die ich auch schon voher geh\u00f6rt hatte).<\/p>\n<p>Zum Schlu\u00df unseres Rundgangs kam dann das Highlight der LaGa &#8211; der Baumwipfelpfad, der auch nach Ende der Landesgartenschau den Iburgern und ihren Besuchern zur Verf\u00fcgung steht. Oben auf dem Turm hat man einen tollen Ausblick auf das Gel\u00e4nde der Landesgartenschau, das Schlo\u00df, den See, den D\u00f6renberg und die umliegenden W\u00e4lder. Im Herbst mit dem seinem bunten Laub bestimmt ein toller Anblick. Hier oben wird einem bewu\u00dft, dass eigentlich der gr\u00f6\u00dfere Teil der Landesgartenschau von Wald bedeckt ist. Dies war \u00fcbrigens auch ein Kritikpunkt, den ich vorher geh\u00f6rt hatte: zuviel Wald f\u00fcr den Namen Landes<u>garten<\/u>schau. Ich kann das nicht nachvollziehen. Ich finde, dass das Gebiet der LaGa hervorragend in die Umgebung eingepasst ist. Der Baumwipfelpfad ist meiner Meinung nach prima gemacht. Er zieht sich von den oberen Stockwerken der B\u00e4ume allm\u00e4hlich immer tiefer. Beeindruckend!<\/p>\n<p style=\"text-align: center;\"><a href=\"https:\/\/www.juergensmann.de\/wp-content\/uploads\/2018\/07\/LaGaBadIburg094.JPG\"><img loading=\"lazy\" decoding=\"async\" src=\"https:\/\/www.juergensmann.de\/wp-content\/uploads\/2018\/07\/LaGaBadIburg094-s.jpg\" alt=\"\" width=\"267\" vspace=\"20\" hspace=\"20\" height=\"200\" border=\"20\"><\/a> &nbsp; &nbsp; <a href=\"https:\/\/www.juergensmann.de\/wp-content\/uploads\/2018\/07\/LaGaBadIburg134.JPG\"><img loading=\"lazy\" decoding=\"async\" src=\"https:\/\/www.juergensmann.de\/wp-content\/uploads\/2018\/07\/LaGaBadIburg134-s.jpg\" alt=\"\" width=\"267\" vspace=\"20\" hspace=\"20\" height=\"200\" border=\"20\"><\/a>&nbsp;<\/p>\n<p style=\"text-align: center;\"><a href=\"https:\/\/www.juergensmann.de\/wp-content\/uploads\/2018\/07\/LaGaBadIburg141.JPG\"><img loading=\"lazy\" decoding=\"async\" src=\"https:\/\/www.juergensmann.de\/wp-content\/uploads\/2018\/07\/LaGaBadIburg141-s.jpg\" alt=\"\" width=\"267\" vspace=\"20\" hspace=\"20\" height=\"200\" border=\"20\"><\/a>&nbsp;&nbsp; &nbsp; <a href=\"https:\/\/www.juergensmann.de\/wp-content\/uploads\/2018\/07\/LaGaBadIburg184.JPG\"><img loading=\"lazy\" decoding=\"async\" src=\"https:\/\/www.juergensmann.de\/wp-content\/uploads\/2018\/07\/LaGaBadIburg184-s.jpg\" alt=\"\" width=\"267\" vspace=\"20\" hspace=\"20\" height=\"200\" border=\"20\"><\/a><\/p>\n<p>Am Ende des Baumwipfelpfads sind wir dann dem Waldweg Richtung Haupteingang gefolgt, aber vorher abgebogen und um die Teiche an der Holperdorper Stra\u00dfe entlang zum Ausgang am Parkplatz. \u00dcberall standen Liegest\u00fchle mit Leuten, die die Sonne genossen und das Bild eines gelungenen Ereignisses abrundeten. Den externen Teil der LaGa, der frei zug\u00e4ngliche Teil an der Tegelwiese, haben wir uns gespart.<\/p>\n<p style=\"text-align: center;\"><a href=\"https:\/\/www.juergensmann.de\/wp-content\/uploads\/2018\/07\/LaGaBadIburg178.JPG\"><img loading=\"lazy\" decoding=\"async\" src=\"https:\/\/www.juergensmann.de\/wp-content\/uploads\/2018\/07\/LaGaBadIburg178-s.jpg\" alt=\"\" width=\"400\" vspace=\"20\" hspace=\"20\" height=\"300\" border=\"20\"><\/a><\/p>\n<p style=\"text-align: center;\"><em>(Zum Vergr\u00f6\u00dfern auf die Bilder klicken)<\/em><\/p>\n<p style=\"text-align: center;\"><em>Mehr Bilder gibt es in unserer <a href=\"https:\/\/gallery.juergensmann.de\/index.php?\/category\/152\">Gallery<\/a>.<\/em><\/p>\n","protected":false},"excerpt":{"rendered":"<p>Nachdem wir viel Schlechtes (zu teuer), aber auch so einiges Gute von der Landesgartenschau in Bad Iburg geh\u00f6rt hatten, entschlossen wir uns, uns selbst ein Bild zu machen. Am Sonntag, dem 8. Juli fuhren wir bei einem sehr sch\u00f6nem Wetter nach Bad Iburg. Der Parkplatz war gut ausgeschildert und kostenlos und gut zu erreichen. Nach [&hellip;]<\/p>\n","protected":false},"author":3,"featured_media":69,"comment_status":"closed","ping_status":"closed","sticky":false,"template":"","format":"standard","meta":{"footnotes":""},"categories":[],"tags":[],"class_list":["post-97","post","type-post","status-publish","format-standard","has-post-thumbnail","hentry"],"_links":{"self":[{"href":"https:\/\/www.juergensmann.de\/index.php\/wp-json\/wp\/v2\/posts\/97","targetHints":{"allow":["GET"]}}],"collection":[{"href":"https:\/\/www.juergensmann.de\/index.php\/wp-json\/wp\/v2\/posts"}],"about":[{"href":"https:\/\/www.juergensmann.de\/index.php\/wp-json\/wp\/v2\/types\/post"}],"author":[{"embeddable":true,"href":"https:\/\/www.juergensmann.de\/index.php\/wp-json\/wp\/v2\/users\/3"}],"replies":[{"embeddable":true,"href":"https:\/\/www.juergensmann.de\/index.php\/wp-json\/wp\/v2\/comments?post=97"}],"version-history":[{"count":0,"href":"https:\/\/www.juergensmann.de\/index.php\/wp-json\/wp\/v2\/posts\/97\/revisions"}],"wp:featuredmedia":[{"embeddable":true,"href":"https:\/\/www.juergensmann.de\/index.php\/wp-json\/wp\/v2\/media\/69"}],"wp:attachment":[{"href":"https:\/\/www.juergensmann.de\/index.php\/wp-json\/wp\/v2\/media?parent=97"}],"wp:term":[{"taxonomy":"category","embeddable":true,"href":"https:\/\/www.juergensmann.de\/index.php\/wp-json\/wp\/v2\/categories?post=97"},{"taxonomy":"post_tag","embeddable":true,"href":"https:\/\/www.juergensmann.de\/index.php\/wp-json\/wp\/v2\/tags?post=97"}],"curies":[{"name":"wp","href":"https:\/\/api.w.org\/{rel}","templated":true}]}}